{"id":909,"date":"2014-03-13T10:32:59","date_gmt":"2014-03-13T09:32:59","guid":{"rendered":"http:\/\/elanchevillybasket.fr\/wp\/?p=909"},"modified":"2014-03-22T12:22:36","modified_gmt":"2014-03-22T11:22:36","slug":"soir-de-match-paris-levallois-vs-chalon","status":"publish","type":"post","link":"http:\/\/elanchevillybasket.fr\/wp\/?p=909","title":{"rendered":"Soir de Match &#8211; Paris Levallois vs Chalon"},"content":{"rendered":"<p>Ce mardi 11 mars, enfants et parents de l&#8217;Elan Chevilly-Larue ont assist\u00e9\u00a0\u00e0\u00a0la rencontre de Pro A Paris Levallois &#8211; Chalon sur Sa\u00f4ne.<\/p>\n<p>Un match de qualit\u00e9, des &#8220;b\u00e2ches&#8221; spectaculaires, de belles phases de jeu conclues par des tirs \u00e0 trois points. Levallois s&#8217;est finalement impos\u00e9 86-79.<\/p>\n<p>En marge de la rencontre, Mamoutou Diarra, international fran\u00e7ais, s&#8217;en montr\u00e9 tr\u00e8s disponible avec \u00a0nos jeunes.<\/p>\n<p><span style=\"line-height: 1.5;\">Les enfants ont appr\u00e9ci\u00e9 le spectacle, source d&#8217;inspiration pour le \u00a0match de ce week-end!<\/span><\/p>\n<p><a href=\"http:\/\/elanchevillybasket.fr\/wp\/wp-content\/uploads\/2014\/03\/PL-Chalon2014.jpg\"><img loading=\"lazy\" decoding=\"async\" class=\"alignnone size-medium wp-image-910\" alt=\"PL-Chalon2014\" src=\"http:\/\/elanchevillybasket.fr\/wp\/wp-content\/uploads\/2014\/03\/PL-Chalon2014-300x224.jpg\" width=\"300\" height=\"224\" srcset=\"http:\/\/elanchevillybasket.fr\/wp\/wp-content\/uploads\/2014\/03\/PL-Chalon2014-300x224.jpg 300w, http:\/\/elanchevillybasket.fr\/wp\/wp-content\/uploads\/2014\/03\/PL-Chalon2014.jpg 873w\" sizes=\"auto, (max-width: 300px) 100vw, 300px\" \/><\/a><\/p>\n","protected":false},"excerpt":{"rendered":"<p>Ce mardi 11 mars, enfants et parents de l&#8217;Elan Chevilly-Larue ont assist\u00e9\u00a0\u00e0\u00a0la rencontre de Pro A Paris Levallois &#8211; Chalon sur Sa\u00f4ne. Un match de qualit\u00e9, des &#8220;b\u00e2ches&#8221; spectaculaires, de belles phases de jeu conclues par des tirs \u00e0 trois points. Levallois s&#8217;est finalement impos\u00e9 86-79. En marge de la rencontre, Mamoutou Diarra, international fran\u00e7ais, [&hellip;]<\/p>\n","protected":false},"author":1,"featured_media":0,"comment_status":"open","ping_status":"open","sticky":false,"template":"","format":"standard","meta":{"_s2mail":"yes","ngg_post_thumbnail":0,"jetpack_post_was_ever_published":false,"_jetpack_newsletter_access":"","_jetpack_dont_email_post_to_subs":false,"_jetpack_newsletter_tier_id":0,"_jetpack_memberships_contains_paywalled_content":false,"_jetpack_memberships_contains_paid_content":false,"footnotes":"","jetpack_publicize_message":"","jetpack_publicize_feature_enabled":true,"jetpack_social_post_already_shared":false,"jetpack_social_options":{"image_generator_settings":{"template":"highway","default_image_id":0,"font":"","enabled":false},"version":2}},"categories":[3],"tags":[],"class_list":["post-909","post","type-post","status-publish","format-standard","hentry","category-animations"],"jetpack_publicize_connections":[],"jetpack_featured_media_url":"","jetpack_sharing_enabled":true,"jetpack_shortlink":"https:\/\/wp.me\/p48sNo-eF","_links":{"self":[{"href":"http:\/\/elanchevillybasket.fr\/wp\/index.php?rest_route=\/wp\/v2\/posts\/909","targetHints":{"allow":["GET"]}}],"collection":[{"href":"http:\/\/elanchevillybasket.fr\/wp\/index.php?rest_route=\/wp\/v2\/posts"}],"about":[{"href":"http:\/\/elanchevillybasket.fr\/wp\/index.php?rest_route=\/wp\/v2\/types\/post"}],"author":[{"embeddable":true,"href":"http:\/\/elanchevillybasket.fr\/wp\/index.php?rest_route=\/wp\/v2\/users\/1"}],"replies":[{"embeddable":true,"href":"http:\/\/elanchevillybasket.fr\/wp\/index.php?rest_route=%2Fwp%2Fv2%2Fcomments&post=909"}],"version-history":[{"count":4,"href":"http:\/\/elanchevillybasket.fr\/wp\/index.php?rest_route=\/wp\/v2\/posts\/909\/revisions"}],"predecessor-version":[{"id":915,"href":"http:\/\/elanchevillybasket.fr\/wp\/index.php?rest_route=\/wp\/v2\/posts\/909\/revisions\/915"}],"wp:attachment":[{"href":"http:\/\/elanchevillybasket.fr\/wp\/index.php?rest_route=%2Fwp%2Fv2%2Fmedia&parent=909"}],"wp:term":[{"taxonomy":"category","embeddable":true,"href":"http:\/\/elanchevillybasket.fr\/wp\/index.php?rest_route=%2Fwp%2Fv2%2Fcategories&post=909"},{"taxonomy":"post_tag","embeddable":true,"href":"http:\/\/elanchevillybasket.fr\/wp\/index.php?rest_route=%2Fwp%2Fv2%2Ftags&post=909"}],"curies":[{"name":"wp","href":"https:\/\/api.w.org\/{rel}","templated":true}]}}